{"id":1297,"date":"2017-03-06T08:44:46","date_gmt":"2017-03-06T08:44:46","guid":{"rendered":"https:\/\/exclusive-living.at\/sehnsucht-sommer-istrien-aktiv\/"},"modified":"2018-11-06T15:58:00","modified_gmt":"2018-11-06T15:58:00","slug":"ceznja-ljeto-aktivna-istra","status":"publish","type":"post","link":"https:\/\/exclusive-living.at\/hr\/ceznja-ljeto-aktivna-istra\/","title":{"rendered":"\u010cE\u017dNJA  LJETO  &#8211;   AKTIVNA  ISTRA"},"content":{"rendered":"<h2>\n\t\t\u017dELJE LJETO &#8211; ISTRA AKTIVA<br \/>\n\t<\/h2>\n<h2>\n\t\tU Istri se ne dosadi dosadno aktivni turisti<br \/>\n\t<\/h2>\n<p>Bezbrojne slikovite uvale i pla\u017ee od bijelog \u0161ljunka, kamenih plo\u010da ili pijeska, prepune kristalno \u010diste tirkizne vode, desetlje\u0107ima privla\u010de turiste iz cijelog svijeta u Istru. No, poluotok nudi mnogo vi\u0161e od odmora na pla\u017ei i sunca. Raznovrsni krajolik budi \u017eelju za kretanjem.<br \/>\nTrend je jasno prema aktivnom odmoru, koji se odvija na morskom dnu, u zemlji ili gotovo bez te\u017eine u zraku i na strmim stijenama.<\/p>\n<p>Blaga istarska klima omogu\u0107ava otvorene aktivnosti gotovo cijele godine.<br \/>\nOd prolje\u0107a do kasne jeseni ugodna klima za vrijeme kretanja na otvorenom.<br \/>\nOva prednost koriste mnogi profesionalni i amaterski sporta\u0161i koji redovito dolaze na trening na istarskoj obali.<\/p>\n<p>Svje\u017ei zrak i \u010disto more pru\u017eaju savr\u0161ene uvjete za sportove kao \u0161to su golf, biciklizam, tenis, jahanje, penjanje, ribolov, jedrenje, jedrenje na dasci, lov i jo\u0161 mnogo toga.<\/p>\n<p>\t\t\t\t<a href=\"https:\/\/exclusive-living.at\/wp-content\/uploads\/2017\/03\/golf-golfplatz-istrien-pool-villa-exclusive-living-tar-kroatien-urlaub.jpg\" target=\"_self\"  itemprop=\"url\"><br \/>\n\t\t\t\t<img decoding=\"async\" src=\"https:\/\/exclusive-living.at.dnjepr.klubarbeit.net\/wp-content\/uploads\/2017\/03\/golf-golfplatz-istrien-pool-villa-exclusive-living-tar-kroatien-urlaub.jpg\" alt=\"golf-golfplatz-istrien-pool-villa-exclusive-living-tar-kroatien-urlaub\" itemprop=\"image\"  \/><br \/>\n\t\t\t\t\t\t<\/a><br \/>\n\t\t\t\t<a href=\"https:\/\/exclusive-living.at\/wp-content\/uploads\/2017\/03\/istra-bike-strand-fahrrad-fahren-istrien-pool-villa-exclusive-living-tar-kroatien-urlaub.jpg\" target=\"_self\"  itemprop=\"url\"><br \/>\n\t\t\t\t<img decoding=\"async\" src=\"https:\/\/exclusive-living.at.dnjepr.klubarbeit.net\/wp-content\/uploads\/2017\/03\/istra-bike-strand-fahrrad-fahren-istrien-pool-villa-exclusive-living-tar-kroatien-urlaub.jpg\" alt=\"istra-bike-strand-fahrrad-fahren-istrien-pool-villa-exclusive-living-tar-kroatien-urlaub\" itemprop=\"image\"  \/><br \/>\n\t\t\t\t\t\t<\/a><br \/>\n\t\t\t\t<a href=\"https:\/\/exclusive-living.at\/wp-content\/uploads\/2017\/03\/klettern-brandung-strand-istrien-pool-villa-exclusive-living-tar-kroatien-urlaub.jpg\" target=\"_self\"  itemprop=\"url\"><br \/>\n\t\t\t\t<img decoding=\"async\" src=\"https:\/\/exclusive-living.at\/wp-content\/uploads\/2017\/03\/klettern-brandung-strand-istrien-pool-villa-exclusive-living-tar-kroatien-urlaub.jpg\" alt=\"klettern-brandung-strand-istrien-pool-villa-exclusive-living-tar-kroatien-urlaub\" itemprop=\"image\"  \/><br \/>\n\t\t\t\t\t\t<\/a><br \/>\n\t\t\t\t<a href=\"https:\/\/exclusive-living.at\/wp-content\/uploads\/2017\/03\/bike-istra-fahrrad-fahren-mtb-rennen-race-istrien-pool-villa-exclusive-living-tar-kroatien-urlaub.jpg\" target=\"_self\"  itemprop=\"url\"><br \/>\n\t\t\t\t<img decoding=\"async\" src=\"https:\/\/exclusive-living.at\/wp-content\/uploads\/2017\/03\/bike-istra-fahrrad-fahren-mtb-rennen-race-istrien-pool-villa-exclusive-living-tar-kroatien-urlaub.jpg\" alt=\"bike-istra-fahrrad-fahren-mtb-rennen-race-istrien-pool-villa-exclusive-living-tar-kroatien-urlaub\" itemprop=\"image\"  \/><br \/>\n\t\t\t\t\t\t<\/a><br \/>\n\t\t\t\t<a href=\"https:\/\/exclusive-living.at\/wp-content\/uploads\/2017\/03\/bike-istra-fahrrad-fahren-mtb-istrien-pool-villa-exclusive-living-tar-kroatien-urlaub.jpg\" target=\"_self\"  itemprop=\"url\"><br \/>\n\t\t\t\t<img decoding=\"async\" src=\"https:\/\/exclusive-living.at\/wp-content\/uploads\/2017\/03\/bike-istra-fahrrad-fahren-mtb-istrien-pool-villa-exclusive-living-tar-kroatien-urlaub.jpg\" alt=\"bike-istra-fahrrad-fahren-mtb-istrien-pool-villa-exclusive-living-tar-kroatien-urlaub\" itemprop=\"image\"  \/><br \/>\n\t\t\t\t\t\t<\/a><br \/>\n\t\t\t\t<a href=\"https:\/\/exclusive-living.at\/wp-content\/uploads\/2017\/03\/sport-klippen-springen-klettern-brandung-strand-istrien-pool-villa-exclusive-living-tar-kroatien-urlaub.jpg\" target=\"_self\"  itemprop=\"url\"><br \/>\n\t\t\t\t<img decoding=\"async\" src=\"https:\/\/exclusive-living.at\/wp-content\/uploads\/2017\/03\/sport-klippen-springen-klettern-brandung-strand-istrien-pool-villa-exclusive-living-tar-kroatien-urlaub.jpg\" alt=\"sport-klippen-springen-klettern-brandung-strand-istrien-pool-villa-exclusive-living-tar-kroatien-urlaub\" itemprop=\"image\"  \/><br \/>\n\t\t\t\t\t\t<\/a><\/p>\n<h2>KONTAKTI &#038; INFORMACIJE<\/h2>\n<p>\t<a href=\"https:\/\/exclusive-living.at\/hr\/kontakti\/\" target=\"_self\" ><\/a>\t\t\t\t<\/p>\n<h3>DOLAZAK \/ POLO\u017dAJ<\/h3>\n<p>Isplanirati putovanje u Istru<\/p>\n<p>\t<a href=\"https:\/\/exclusive-living.at\/hr\/?page_id=4122\" target=\"_self\" ><\/a>\t\t\t\t<\/p>\n<h3>DIREKTNI  BOOKING<\/h3>\n<p>brzo na godi\u0161nji odmor<\/p>\n<p>\t<a href=\"https:\/\/exclusive-living.at\/hr\/galerija-slika\/\" target=\"_self\" ><\/a>\t\t\t\t<\/p>\n<h3>GALERIJA  SLIKA<\/h3>\n<p>\u0161to vrijedi vidjeti<\/p>\n<p>\t<a href=\"https:\/\/exclusive-living.at\/wissenswertes\/\" target=\"_self\" ><\/a>\t\t\t\t<\/p>\n<h3>INFORMACIJE<\/h3>\n<p>nazvati servis za klijente<\/p>\n<p>\t<a href=\"https:\/\/exclusive-living.at\/hr\/istra-tijekom-cijele-godine\/\" target=\"_self\" ><\/a>\t\t\t\t<\/p>\n<h3>ODMOR  U  ISTRI<\/h3>\n<p>Istra tijekom cijele godine<\/p>\n<p>\t<a href=\"https:\/\/exclusive-living.at\/hr\/kontakti\/\" target=\"_self\" ><\/a>\t\t\t\t<\/p>\n<h3>KONTAKT<\/h3>\n<p>Poziv Slu\u017eba za korisnike<\/p>\n<p>\t\t\t<a href=\"#\" role=\"button\"><br \/>\n\t\t\t\t\t\tPrijava za upite<br \/>\n\t\t\t\t\t<\/a><\/p>\n<h2>prijava za upite<\/h2>\n<p>\n[contact-form-7 id=&#8221;831&#8243; title=&#8221;newsletter anmelden&#8221;]<br \/>\n\t\t\t<a href=\"https:\/\/exclusive-living.at\/hr\/partner\/\" target=\"_self\" role=\"button\"><br \/>\n\t\t\t\t\t\tPartner   Exclusive &#8211; Living<br \/>\n\t\t\t\t\t<\/a><\/p>\n","protected":false},"excerpt":{"rendered":"<p>nogobrojne pitoreskne uvale i pla\u017ee od bijelog \u0161ljunka, stjenovitih platoa ili pijeska, oplakuje bistro tirkizno more, te ve\u0107 desetlje\u0107ima mame putnike iz cijelog svijeta u Istru. Ovaj poluotok nudi puno vi\u0161e nego samo kupanje i izle\u017eavanje na suncu. &#8230;<\/p>\n","protected":false},"author":9,"featured_media":1022,"comment_status":"closed","ping_status":"closed","sticky":false,"template":"tpl-full-width.php","format":"standard","meta":{"footnotes":""},"categories":[17,18,19],"tags":[],"class_list":["post-1297","post","type-post","status-publish","format-standard","has-post-thumbnail","hentry","category-fruehjahr-hr","category-herbst-hr","category-sommer-hr"],"yoast_head":"<!-- This site is optimized with the Yoast SEO plugin v27.2 - https:\/\/yoast.com\/product\/yoast-seo-wordpress\/ -->\n<title>\u010cE\u017dNJA LJETO -  AKTIVNA ISTRA - Exclusive Living - Villen Istrien<\/title>\n<meta name=\"robots\" content=\"index, follow, max-snippet:-1, max-image-preview:large, max-video-preview:-1\" \/>\n<link rel=\"canonical\" href=\"https:\/\/exclusive-living.at\/hr\/ceznja-ljeto-aktivna-istra\/\" \/>\n<meta property=\"og:locale\" content=\"hr_HR\" \/>\n<meta property=\"og:type\" content=\"article\" \/>\n<meta property=\"og:title\" content=\"\u010cE\u017dNJA LJETO -  AKTIVNA ISTRA - Exclusive Living - Villen Istrien\" \/>\n<meta property=\"og:description\" content=\"nogobrojne pitoreskne uvale i pla\u017ee od bijelog \u0161ljunka, stjenovitih platoa ili pijeska, oplakuje bistro tirkizno more, te ve\u0107 desetlje\u0107ima mame putnike iz cijelog svijeta u Istru. Ovaj poluotok nudi puno vi\u0161e nego samo kupanje i izle\u017eavanje na suncu. ...\" \/>\n<meta property=\"og:url\" content=\"https:\/\/exclusive-living.at\/hr\/ceznja-ljeto-aktivna-istra\/\" \/>\n<meta property=\"og:site_name\" content=\"Exclusive Living - Villen Istrien\" \/>\n<meta property=\"article:published_time\" content=\"2017-03-06T08:44:46+00:00\" \/>\n<meta property=\"article:modified_time\" content=\"2018-11-06T15:58:00+00:00\" \/>\n<meta property=\"og:image\" content=\"https:\/\/exclusive-living.at\/wp-content\/uploads\/2017\/03\/flaschenpost-istrien-tar-urlaub-villa-mieten-exclusive-living.jpg\" \/>\n\t<meta property=\"og:image:width\" content=\"2500\" \/>\n\t<meta property=\"og:image:height\" content=\"600\" \/>\n\t<meta property=\"og:image:type\" content=\"image\/jpeg\" \/>\n<meta name=\"author\" content=\"Klubarbeit Admin\" \/>\n<meta name=\"twitter:card\" content=\"summary_large_image\" \/>\n<meta name=\"twitter:label1\" content=\"Written by\" \/>\n\t<meta name=\"twitter:data1\" content=\"Klubarbeit Admin\" \/>\n\t<meta name=\"twitter:label2\" content=\"Est. reading time\" \/>\n\t<meta name=\"twitter:data2\" content=\"1 minute\" \/>\n<script type=\"application\/ld+json\" class=\"yoast-schema-graph\">{\"@context\":\"https:\/\/schema.org\",\"@graph\":[{\"@type\":\"Article\",\"@id\":\"https:\/\/exclusive-living.at\/hr\/ceznja-ljeto-aktivna-istra\/#article\",\"isPartOf\":{\"@id\":\"https:\/\/exclusive-living.at\/hr\/ceznja-ljeto-aktivna-istra\/\"},\"author\":{\"name\":\"Klubarbeit Admin\",\"@id\":\"https:\/\/exclusive-living.at\/hr\/#\/schema\/person\/936e7b77e19084c4b7e5b556baac6953\"},\"headline\":\"\u010cE\u017dNJA LJETO &#8211; AKTIVNA ISTRA\",\"datePublished\":\"2017-03-06T08:44:46+00:00\",\"dateModified\":\"2018-11-06T15:58:00+00:00\",\"mainEntityOfPage\":{\"@id\":\"https:\/\/exclusive-living.at\/hr\/ceznja-ljeto-aktivna-istra\/\"},\"wordCount\":217,\"publisher\":{\"@id\":\"https:\/\/exclusive-living.at\/hr\/#organization\"},\"image\":{\"@id\":\"https:\/\/exclusive-living.at\/hr\/ceznja-ljeto-aktivna-istra\/#primaryimage\"},\"thumbnailUrl\":\"https:\/\/exclusive-living.at\/wp-content\/uploads\/2017\/03\/flaschenpost-istrien-tar-urlaub-villa-mieten-exclusive-living.jpg\",\"articleSection\":[\"Fr\u00fchjahr\",\"Herbst\",\"Sommer\"],\"inLanguage\":\"hr-HR\"},{\"@type\":\"WebPage\",\"@id\":\"https:\/\/exclusive-living.at\/hr\/ceznja-ljeto-aktivna-istra\/\",\"url\":\"https:\/\/exclusive-living.at\/hr\/ceznja-ljeto-aktivna-istra\/\",\"name\":\"\u010cE\u017dNJA LJETO - AKTIVNA ISTRA - Exclusive Living - Villen Istrien\",\"isPartOf\":{\"@id\":\"https:\/\/exclusive-living.at\/hr\/#website\"},\"primaryImageOfPage\":{\"@id\":\"https:\/\/exclusive-living.at\/hr\/ceznja-ljeto-aktivna-istra\/#primaryimage\"},\"image\":{\"@id\":\"https:\/\/exclusive-living.at\/hr\/ceznja-ljeto-aktivna-istra\/#primaryimage\"},\"thumbnailUrl\":\"https:\/\/exclusive-living.at\/wp-content\/uploads\/2017\/03\/flaschenpost-istrien-tar-urlaub-villa-mieten-exclusive-living.jpg\",\"datePublished\":\"2017-03-06T08:44:46+00:00\",\"dateModified\":\"2018-11-06T15:58:00+00:00\",\"breadcrumb\":{\"@id\":\"https:\/\/exclusive-living.at\/hr\/ceznja-ljeto-aktivna-istra\/#breadcrumb\"},\"inLanguage\":\"hr-HR\",\"potentialAction\":[{\"@type\":\"ReadAction\",\"target\":[\"https:\/\/exclusive-living.at\/hr\/ceznja-ljeto-aktivna-istra\/\"]}]},{\"@type\":\"ImageObject\",\"inLanguage\":\"hr-HR\",\"@id\":\"https:\/\/exclusive-living.at\/hr\/ceznja-ljeto-aktivna-istra\/#primaryimage\",\"url\":\"https:\/\/exclusive-living.at\/wp-content\/uploads\/2017\/03\/flaschenpost-istrien-tar-urlaub-villa-mieten-exclusive-living.jpg\",\"contentUrl\":\"https:\/\/exclusive-living.at\/wp-content\/uploads\/2017\/03\/flaschenpost-istrien-tar-urlaub-villa-mieten-exclusive-living.jpg\",\"width\":2500,\"height\":600},{\"@type\":\"BreadcrumbList\",\"@id\":\"https:\/\/exclusive-living.at\/hr\/ceznja-ljeto-aktivna-istra\/#breadcrumb\",\"itemListElement\":[{\"@type\":\"ListItem\",\"position\":1,\"name\":\"Home\",\"item\":\"https:\/\/exclusive-living.at\/hr\/\"},{\"@type\":\"ListItem\",\"position\":2,\"name\":\"\u010cE\u017dNJA LJETO &#8211; AKTIVNA ISTRA\"}]},{\"@type\":\"WebSite\",\"@id\":\"https:\/\/exclusive-living.at\/hr\/#website\",\"url\":\"https:\/\/exclusive-living.at\/hr\/\",\"name\":\"Exclusive Living - Villen Istrien\",\"description\":\"Exclusive Living - Villen Istrien\",\"publisher\":{\"@id\":\"https:\/\/exclusive-living.at\/hr\/#organization\"},\"potentialAction\":[{\"@type\":\"SearchAction\",\"target\":{\"@type\":\"EntryPoint\",\"urlTemplate\":\"https:\/\/exclusive-living.at\/hr\/?s={search_term_string}\"},\"query-input\":{\"@type\":\"PropertyValueSpecification\",\"valueRequired\":true,\"valueName\":\"search_term_string\"}}],\"inLanguage\":\"hr-HR\"},{\"@type\":\"Organization\",\"@id\":\"https:\/\/exclusive-living.at\/hr\/#organization\",\"name\":\"Exclusive Living\",\"url\":\"https:\/\/exclusive-living.at\/hr\/\",\"logo\":{\"@type\":\"ImageObject\",\"inLanguage\":\"hr-HR\",\"@id\":\"https:\/\/exclusive-living.at\/hr\/#\/schema\/logo\/image\/\",\"url\":\"https:\/\/exclusive-living.at\/wp-content\/uploads\/2017\/02\/villen-istrien-exclusive-appartements-logo.png\",\"contentUrl\":\"https:\/\/exclusive-living.at\/wp-content\/uploads\/2017\/02\/villen-istrien-exclusive-appartements-logo.png\",\"width\":1187,\"height\":264,\"caption\":\"Exclusive Living\"},\"image\":{\"@id\":\"https:\/\/exclusive-living.at\/hr\/#\/schema\/logo\/image\/\"}},{\"@type\":\"Person\",\"@id\":\"https:\/\/exclusive-living.at\/hr\/#\/schema\/person\/936e7b77e19084c4b7e5b556baac6953\",\"name\":\"Klubarbeit Admin\",\"image\":{\"@type\":\"ImageObject\",\"inLanguage\":\"hr-HR\",\"@id\":\"https:\/\/secure.gravatar.com\/avatar\/4a180d3d1cf6d452033298d3404f59770da5e5e23bbbc5e6128a41ffe4b025bf?s=96&d=mm&r=g\",\"url\":\"https:\/\/secure.gravatar.com\/avatar\/4a180d3d1cf6d452033298d3404f59770da5e5e23bbbc5e6128a41ffe4b025bf?s=96&d=mm&r=g\",\"contentUrl\":\"https:\/\/secure.gravatar.com\/avatar\/4a180d3d1cf6d452033298d3404f59770da5e5e23bbbc5e6128a41ffe4b025bf?s=96&d=mm&r=g\",\"caption\":\"Klubarbeit Admin\"},\"sameAs\":[\"http:\/\/klubarbeit.net\"],\"url\":\"https:\/\/exclusive-living.at\/hr\/author\/klubarbeit-master\/\"}]}<\/script>\n<!-- \/ Yoast SEO plugin. -->","yoast_head_json":{"title":"\u010cE\u017dNJA LJETO -  AKTIVNA ISTRA - Exclusive Living - Villen Istrien","robots":{"index":"index","follow":"follow","max-snippet":"max-snippet:-1","max-image-preview":"max-image-preview:large","max-video-preview":"max-video-preview:-1"},"canonical":"https:\/\/exclusive-living.at\/hr\/ceznja-ljeto-aktivna-istra\/","og_locale":"hr_HR","og_type":"article","og_title":"\u010cE\u017dNJA LJETO -  AKTIVNA ISTRA - Exclusive Living - Villen Istrien","og_description":"nogobrojne pitoreskne uvale i pla\u017ee od bijelog \u0161ljunka, stjenovitih platoa ili pijeska, oplakuje bistro tirkizno more, te ve\u0107 desetlje\u0107ima mame putnike iz cijelog svijeta u Istru. Ovaj poluotok nudi puno vi\u0161e nego samo kupanje i izle\u017eavanje na suncu. ...","og_url":"https:\/\/exclusive-living.at\/hr\/ceznja-ljeto-aktivna-istra\/","og_site_name":"Exclusive Living - Villen Istrien","article_published_time":"2017-03-06T08:44:46+00:00","article_modified_time":"2018-11-06T15:58:00+00:00","og_image":[{"width":2500,"height":600,"url":"https:\/\/exclusive-living.at\/wp-content\/uploads\/2017\/03\/flaschenpost-istrien-tar-urlaub-villa-mieten-exclusive-living.jpg","type":"image\/jpeg"}],"author":"Klubarbeit Admin","twitter_card":"summary_large_image","twitter_misc":{"Written by":"Klubarbeit Admin","Est. reading time":"1 minute"},"schema":{"@context":"https:\/\/schema.org","@graph":[{"@type":"Article","@id":"https:\/\/exclusive-living.at\/hr\/ceznja-ljeto-aktivna-istra\/#article","isPartOf":{"@id":"https:\/\/exclusive-living.at\/hr\/ceznja-ljeto-aktivna-istra\/"},"author":{"name":"Klubarbeit Admin","@id":"https:\/\/exclusive-living.at\/hr\/#\/schema\/person\/936e7b77e19084c4b7e5b556baac6953"},"headline":"\u010cE\u017dNJA LJETO &#8211; AKTIVNA ISTRA","datePublished":"2017-03-06T08:44:46+00:00","dateModified":"2018-11-06T15:58:00+00:00","mainEntityOfPage":{"@id":"https:\/\/exclusive-living.at\/hr\/ceznja-ljeto-aktivna-istra\/"},"wordCount":217,"publisher":{"@id":"https:\/\/exclusive-living.at\/hr\/#organization"},"image":{"@id":"https:\/\/exclusive-living.at\/hr\/ceznja-ljeto-aktivna-istra\/#primaryimage"},"thumbnailUrl":"https:\/\/exclusive-living.at\/wp-content\/uploads\/2017\/03\/flaschenpost-istrien-tar-urlaub-villa-mieten-exclusive-living.jpg","articleSection":["Fr\u00fchjahr","Herbst","Sommer"],"inLanguage":"hr-HR"},{"@type":"WebPage","@id":"https:\/\/exclusive-living.at\/hr\/ceznja-ljeto-aktivna-istra\/","url":"https:\/\/exclusive-living.at\/hr\/ceznja-ljeto-aktivna-istra\/","name":"\u010cE\u017dNJA LJETO - AKTIVNA ISTRA - Exclusive Living - Villen Istrien","isPartOf":{"@id":"https:\/\/exclusive-living.at\/hr\/#website"},"primaryImageOfPage":{"@id":"https:\/\/exclusive-living.at\/hr\/ceznja-ljeto-aktivna-istra\/#primaryimage"},"image":{"@id":"https:\/\/exclusive-living.at\/hr\/ceznja-ljeto-aktivna-istra\/#primaryimage"},"thumbnailUrl":"https:\/\/exclusive-living.at\/wp-content\/uploads\/2017\/03\/flaschenpost-istrien-tar-urlaub-villa-mieten-exclusive-living.jpg","datePublished":"2017-03-06T08:44:46+00:00","dateModified":"2018-11-06T15:58:00+00:00","breadcrumb":{"@id":"https:\/\/exclusive-living.at\/hr\/ceznja-ljeto-aktivna-istra\/#breadcrumb"},"inLanguage":"hr-HR","potentialAction":[{"@type":"ReadAction","target":["https:\/\/exclusive-living.at\/hr\/ceznja-ljeto-aktivna-istra\/"]}]},{"@type":"ImageObject","inLanguage":"hr-HR","@id":"https:\/\/exclusive-living.at\/hr\/ceznja-ljeto-aktivna-istra\/#primaryimage","url":"https:\/\/exclusive-living.at\/wp-content\/uploads\/2017\/03\/flaschenpost-istrien-tar-urlaub-villa-mieten-exclusive-living.jpg","contentUrl":"https:\/\/exclusive-living.at\/wp-content\/uploads\/2017\/03\/flaschenpost-istrien-tar-urlaub-villa-mieten-exclusive-living.jpg","width":2500,"height":600},{"@type":"BreadcrumbList","@id":"https:\/\/exclusive-living.at\/hr\/ceznja-ljeto-aktivna-istra\/#breadcrumb","itemListElement":[{"@type":"ListItem","position":1,"name":"Home","item":"https:\/\/exclusive-living.at\/hr\/"},{"@type":"ListItem","position":2,"name":"\u010cE\u017dNJA LJETO &#8211; AKTIVNA ISTRA"}]},{"@type":"WebSite","@id":"https:\/\/exclusive-living.at\/hr\/#website","url":"https:\/\/exclusive-living.at\/hr\/","name":"Exclusive Living - Villen Istrien","description":"Exclusive Living - Villen Istrien","publisher":{"@id":"https:\/\/exclusive-living.at\/hr\/#organization"},"potentialAction":[{"@type":"SearchAction","target":{"@type":"EntryPoint","urlTemplate":"https:\/\/exclusive-living.at\/hr\/?s={search_term_string}"},"query-input":{"@type":"PropertyValueSpecification","valueRequired":true,"valueName":"search_term_string"}}],"inLanguage":"hr-HR"},{"@type":"Organization","@id":"https:\/\/exclusive-living.at\/hr\/#organization","name":"Exclusive Living","url":"https:\/\/exclusive-living.at\/hr\/","logo":{"@type":"ImageObject","inLanguage":"hr-HR","@id":"https:\/\/exclusive-living.at\/hr\/#\/schema\/logo\/image\/","url":"https:\/\/exclusive-living.at\/wp-content\/uploads\/2017\/02\/villen-istrien-exclusive-appartements-logo.png","contentUrl":"https:\/\/exclusive-living.at\/wp-content\/uploads\/2017\/02\/villen-istrien-exclusive-appartements-logo.png","width":1187,"height":264,"caption":"Exclusive Living"},"image":{"@id":"https:\/\/exclusive-living.at\/hr\/#\/schema\/logo\/image\/"}},{"@type":"Person","@id":"https:\/\/exclusive-living.at\/hr\/#\/schema\/person\/936e7b77e19084c4b7e5b556baac6953","name":"Klubarbeit Admin","image":{"@type":"ImageObject","inLanguage":"hr-HR","@id":"https:\/\/secure.gravatar.com\/avatar\/4a180d3d1cf6d452033298d3404f59770da5e5e23bbbc5e6128a41ffe4b025bf?s=96&d=mm&r=g","url":"https:\/\/secure.gravatar.com\/avatar\/4a180d3d1cf6d452033298d3404f59770da5e5e23bbbc5e6128a41ffe4b025bf?s=96&d=mm&r=g","contentUrl":"https:\/\/secure.gravatar.com\/avatar\/4a180d3d1cf6d452033298d3404f59770da5e5e23bbbc5e6128a41ffe4b025bf?s=96&d=mm&r=g","caption":"Klubarbeit Admin"},"sameAs":["http:\/\/klubarbeit.net"],"url":"https:\/\/exclusive-living.at\/hr\/author\/klubarbeit-master\/"}]}},"_links":{"self":[{"href":"https:\/\/exclusive-living.at\/hr\/wp-json\/wp\/v2\/posts\/1297","targetHints":{"allow":["GET"]}}],"collection":[{"href":"https:\/\/exclusive-living.at\/hr\/wp-json\/wp\/v2\/posts"}],"about":[{"href":"https:\/\/exclusive-living.at\/hr\/wp-json\/wp\/v2\/types\/post"}],"author":[{"embeddable":true,"href":"https:\/\/exclusive-living.at\/hr\/wp-json\/wp\/v2\/users\/9"}],"replies":[{"embeddable":true,"href":"https:\/\/exclusive-living.at\/hr\/wp-json\/wp\/v2\/comments?post=1297"}],"version-history":[{"count":4,"href":"https:\/\/exclusive-living.at\/hr\/wp-json\/wp\/v2\/posts\/1297\/revisions"}],"predecessor-version":[{"id":3669,"href":"https:\/\/exclusive-living.at\/hr\/wp-json\/wp\/v2\/posts\/1297\/revisions\/3669"}],"wp:featuredmedia":[{"embeddable":true,"href":"https:\/\/exclusive-living.at\/hr\/wp-json\/wp\/v2\/media\/1022"}],"wp:attachment":[{"href":"https:\/\/exclusive-living.at\/hr\/wp-json\/wp\/v2\/media?parent=1297"}],"wp:term":[{"taxonomy":"category","embeddable":true,"href":"https:\/\/exclusive-living.at\/hr\/wp-json\/wp\/v2\/categories?post=1297"},{"taxonomy":"post_tag","embeddable":true,"href":"https:\/\/exclusive-living.at\/hr\/wp-json\/wp\/v2\/tags?post=1297"}],"curies":[{"name":"wp","href":"https:\/\/api.w.org\/{rel}","templated":true}]}}